{"id":8885,"date":"2023-02-01T13:23:40","date_gmt":"2023-02-01T20:23:40","guid":{"rendered":"https:\/\/www.ramoslaw.com\/?p=8885"},"modified":"2025-07-15T09:35:32","modified_gmt":"2025-07-15T15:35:32","slug":"vias-del-sistema-inmunologico-implicadas-en-la-genetica-de-la-demencia","status":"publish","type":"post","link":"https:\/\/www.ramoslaw.com\/es\/immune-system-pathways-implicated-in-genetics-of-dementia\/","title":{"rendered":"V\u00edas del sistema inmunol\u00f3gico implicadas en la gen\u00e9tica de la demencia"},"content":{"rendered":"<div data-elementor-type=\"wp-post\" data-elementor-id=\"8885\" class=\"elementor elementor-8885\" data-elementor-post-type=\"post\">\n\t\t\t\t<div class=\"elementor-element elementor-element-1576588 e-flex e-con-boxed e-con e-parent\" data-id=\"1576588\" data-element_type=\"container\" data-e-type=\"container\">\n\t\t\t\t\t<div class=\"e-con-inner\">\n\t\t\t\t<div class=\"elementor-element elementor-element-e0e6ef3 elementor-widget elementor-widget-text-editor\" data-id=\"e0e6ef3\" data-element_type=\"widget\" data-e-type=\"widget\" data-widget_type=\"text-editor.default\">\n\t\t\t\t<div class=\"elementor-widget-container\">\n\t\t\t\t\t\t\t\t\t<div class=\"elementor-element elementor-element-0104c7f elementor-widget elementor-widget-heading\" data-id=\"0104c7f\" data-element_type=\"widget\" data-widget_type=\"heading.default\"><div class=\"elementor-widget-container\"><strong><span class=\"elementor-heading-title elementor-size-default\">Doctor Donald Cooper.\u00a0<sup>1.,2.<\/sup><\/span><\/strong><\/div><\/div><div class=\"elementor-element elementor-element-3aa02c0 elementor-widget elementor-widget-text-editor\" data-id=\"3aa02c0\" data-element_type=\"widget\" data-widget_type=\"text-editor.default\"><div class=\"elementor-widget-container\"><p><strong><sup>1.\u00a0<\/sup><\/strong>Director Divisi\u00f3n de Ciencias M\u00e9dicas, Ramos Law, Northglenn, CO 80260;\u00a0<strong><sup>2.\u00a0<\/sup><\/strong>Director cient\u00edfico, Neuroganics, Northglenn, CO 80260<br \/>Correo electr\u00f3nico: DrDon@neuroganicslabs.com<\/p><\/div><\/div>\t\t\t\t\t\t\t\t<\/div>\n\t\t\t\t<\/div>\n\t\t\t\t<div class=\"elementor-element elementor-element-cd71a41 elementor-widget-divider--view-line elementor-widget elementor-widget-divider\" data-id=\"cd71a41\" data-element_type=\"widget\" data-e-type=\"widget\" data-widget_type=\"divider.default\">\n\t\t\t\t<div class=\"elementor-widget-container\">\n\t\t\t\t\t\t\t<div class=\"elementor-divider\">\n\t\t\t<span class=\"elementor-divider-separator\">\n\t\t\t\t\t\t<\/span>\n\t\t<\/div>\n\t\t\t\t\t\t<\/div>\n\t\t\t\t<\/div>\n\t\t\t\t<div class=\"elementor-element elementor-element-20a3cdf elementor-widget elementor-widget-text-editor\" data-id=\"20a3cdf\" data-element_type=\"widget\" data-e-type=\"widget\" data-widget_type=\"text-editor.default\">\n\t\t\t\t<div class=\"elementor-widget-container\">\n\t\t\t\t\t\t\t\t\t<p><em><span dir=\"ltr\" role=\"presentation\">Sinopsis:\u00a0<\/span><span dir=\"ltr\" role=\"presentation\">Kunkle, BW, Grenier<\/span><span dir=\"ltr\" role=\"presentation\">\u2013<\/span><span dir=\"ltr\" role=\"presentation\">Boley, B., Sims, R.<\/span>\u00a0<span dir=\"ltr\" role=\"presentation\">y otros.<\/span>\u00a0<span dir=\"ltr\" role=\"presentation\">Meta gen\u00e9tica<\/span><span dir=\"ltr\" role=\"presentation\">\u2013<\/span><span dir=\"ltr\" role=\"presentation\">El an\u00e1lisis de la enfermedad de Alzheimer diagnosticada identifica\u00a0<\/span><span dir=\"ltr\" role=\"presentation\">nuevos loci de riesgo e implica A\u03b2, tau, inmunidad y procesamiento de l\u00edpidos.<\/span>\u00a0<span dir=\"ltr\" role=\"presentation\">Nat Genet<\/span>\u00a0<span dir=\"ltr\" role=\"presentation\"><b>51<\/b><\/span><span dir=\"ltr\" role=\"presentation\">, 414<\/span><span dir=\"ltr\" role=\"presentation\">\u2013<\/span><span dir=\"ltr\" role=\"presentation\">430 (2019)<\/span><\/em><\/p>\t\t\t\t\t\t\t\t<\/div>\n\t\t\t\t<\/div>\n\t\t\t\t<div class=\"elementor-element elementor-element-798f4c1 elementor-widget elementor-widget-text-editor\" data-id=\"798f4c1\" data-element_type=\"widget\" data-e-type=\"widget\" data-widget_type=\"text-editor.default\">\n\t\t\t\t<div class=\"elementor-widget-container\">\n\t\t\t\t\t\t\t\t\t<p><strong>Se realiz\u00f3 un gran metaan\u00e1lisis de asociaci\u00f3n de todo el genoma en 94.437 personas con diagn\u00f3stico cl\u00ednico de enfermedad de Alzheimer de inicio tard\u00edo (LOAD). El estudio (Kunkle et al., 2019) confirm\u00f3 20 loci de riesgo de LOAD previos e identific\u00f3 cinco nuevos loci de todo el genoma (IQCK, ACE, ADAM10, ADAMTS1 y WWOX), dos de los cuales (ADAM10, ACE) se hab\u00edan vinculado previamente al Alzheimer o la demencia. El mapeo fino de la regi\u00f3n del ant\u00edgeno leucocitario humano (HLA) encontr\u00f3 el haplotipo de enfermedad neurol\u00f3gica e inmunomediada HLA-DR15 como un factor de riesgo para LOAD. Los genes HLA desempe\u00f1an un papel crucial en la regulaci\u00f3n de la funci\u00f3n del sistema inmunitario. Los an\u00e1lisis de genes y v\u00edas de riesgo mostraron enriquecimiento para variantes raras adicionales. Este estudio destaca el papel significativo del sistema inmunitario y la conexi\u00f3n con el desarrollo de la demencia.<\/strong><\/p>\t\t\t\t\t\t\t\t<\/div>\n\t\t\t\t<\/div>\n\t\t\t\t<div class=\"elementor-element elementor-element-fcfdb04 elementor-widget elementor-widget-heading\" data-id=\"fcfdb04\" data-element_type=\"widget\" data-e-type=\"widget\" data-widget_type=\"heading.default\">\n\t\t\t\t<div class=\"elementor-widget-container\">\n\t\t\t\t\t<h2 class=\"elementor-heading-title elementor-size-default\">Sinopsis<\/h2>\t\t\t\t<\/div>\n\t\t\t\t<\/div>\n\t\t\t\t<div class=\"elementor-element elementor-element-cbc556d elementor-widget elementor-widget-text-editor\" data-id=\"cbc556d\" data-element_type=\"widget\" data-e-type=\"widget\" data-widget_type=\"text-editor.default\">\n\t\t\t\t<div class=\"elementor-widget-container\">\n\t\t\t\t\t\t\t\t\t<div data-id=\"cd304e0\" data-element_type=\"widget\" data-widget_type=\"heading.default\"><div><div data-id=\"cd304e0\" data-element_type=\"widget\" data-widget_type=\"heading.default\"><div><p>La enfermedad de Alzheimer (EA) es un trastorno neurodegenerativo progresivo que se caracteriza por deterioro cognitivo y p\u00e9rdida de memoria. La mayor\u00eda de los factores de riesgo gen\u00e9ticos de la EA siguen sin caracterizarse, a pesar de que estudios previos han identificado 19 se\u00f1ales variantes comunes, adem\u00e1s del gen APOE, que influyen en el riesgo de enfermedad de Alzheimer de inicio tard\u00edo (EAIT) (edad de inicio &gt;65 a\u00f1os). El Proyecto Internacional de Gen\u00f3mica del Alzheimer (IGAP) se propuso buscar se\u00f1ales gen\u00e9ticas adicionales que contribuyeran a la EAI mediante un metaan\u00e1lisis de estudios de asociaci\u00f3n de todo el genoma (GWAS) en individuos blancos no hispanos (NHW).<\/p><\/div><\/div><\/div><\/div>\t\t\t\t\t\t\t\t<\/div>\n\t\t\t\t<\/div>\n\t\t\t\t<div class=\"elementor-element elementor-element-19a0d2b elementor-widget elementor-widget-heading\" data-id=\"19a0d2b\" data-element_type=\"widget\" data-e-type=\"widget\" data-widget_type=\"heading.default\">\n\t\t\t\t<div class=\"elementor-widget-container\">\n\t\t\t\t\t<h2 class=\"elementor-heading-title elementor-size-default\">M\u00e9todo<\/h2>\t\t\t\t<\/div>\n\t\t\t\t<\/div>\n\t\t\t\t<div class=\"elementor-element elementor-element-604e4f0 elementor-widget elementor-widget-text-editor\" data-id=\"604e4f0\" data-element_type=\"widget\" data-e-type=\"widget\" data-widget_type=\"text-editor.default\">\n\t\t\t\t<div class=\"elementor-widget-container\">\n\t\t\t\t\t\t\t\t\t<div data-id=\"f829189\" data-element_type=\"widget\" data-widget_type=\"heading.default\"><div><p>La enfermedad de Alzheimer (EA) es un trastorno neurodegenerativo progresivo que se caracteriza por deterioro cognitivo y p\u00e9rdida de memoria. La mayor\u00eda de los factores de riesgo gen\u00e9ticos de la EA siguen sin caracterizarse, a pesar de que estudios previos han identificado 19 se\u00f1ales variantes comunes, adem\u00e1s del gen APOE, que influyen en el riesgo de enfermedad de Alzheimer de inicio tard\u00edo (EAIT) (edad de inicio &gt;65 a\u00f1os). El Proyecto Internacional de Gen\u00f3mica del Alzheimer (IGAP) se propuso buscar se\u00f1ales gen\u00e9ticas adicionales que contribuyeran a la EAI mediante un metaan\u00e1lisis de estudios de asociaci\u00f3n de todo el genoma (GWAS) en individuos blancos no hispanos (NHW).<\/p><\/div><\/div>\t\t\t\t\t\t\t\t<\/div>\n\t\t\t\t<\/div>\n\t\t\t\t<div class=\"elementor-element elementor-element-1897397 elementor-widget elementor-widget-heading\" data-id=\"1897397\" data-element_type=\"widget\" data-e-type=\"widget\" data-widget_type=\"heading.default\">\n\t\t\t\t<div class=\"elementor-widget-container\">\n\t\t\t\t\t<h2 class=\"elementor-heading-title elementor-size-default\">Resultados<\/h2>\t\t\t\t<\/div>\n\t\t\t\t<\/div>\n\t\t\t\t<div class=\"elementor-element elementor-element-57c976e elementor-widget elementor-widget-text-editor\" data-id=\"57c976e\" data-element_type=\"widget\" data-e-type=\"widget\" data-widget_type=\"text-editor.default\">\n\t\t\t\t<div class=\"elementor-widget-container\">\n\t\t\t\t\t\t\t\t\t<div data-id=\"130d044\" data-element_type=\"widget\" data-widget_type=\"heading.default\"><p>El estudio determin\u00f3 que la regi\u00f3n HLA se prioriz\u00f3 como el gen candidato principal en el locus del complejo mayor de histocompatibilidad (CMH), conocido por su compleja organizaci\u00f3n gen\u00e9tica y su naturaleza altamente polim\u00f3rfica. Investigaciones posteriores del locus en una muestra m\u00e1s amplia revelaron efectos de riesgo de los alelos HLA-DQA101:02, HLA-DRB115:01 y HLA-DQB106:02. Estos alelos forman el haplotipo HLA-DQA101:02~HLA-DQB106:02~HLA-DRB115:01 (DR15), que se asoci\u00f3 con el riesgo de padecer Alzheimer y que se descubri\u00f3 previamente en un peque\u00f1o estudio con la poblaci\u00f3n tunecina y en un amplio an\u00e1lisis del Consorcio de Gen\u00e9tica de la Enfermedad de Alzheimer. ADAM10 se clasific\u00f3 como el gen principal en el locus ADAM10 y se sabe que es una \u03b1-secretasa importante en el cerebro, que participa en la v\u00eda no amiloidog\u00e9nica del metabolismo de la APP. Los niveles de la enzima convertidora de angiotensina (ECA) en el l\u00edquido cefalorraqu\u00eddeo se relacionan con los niveles de A\u03b2 y el riesgo de LOAD. Estudios han demostrado que la ECA puede reducir la toxicidad y la agregaci\u00f3n de A\u03b2. La angiotensina II, producida a trav\u00e9s de la ECA, desempe\u00f1a un papel en los procesos neuropatol\u00f3gicos del Alzheimer y actualmente se est\u00e1 analizando en ensayos cl\u00ednicos.<\/p><\/div>\t\t\t\t\t\t\t\t<\/div>\n\t\t\t\t<\/div>\n\t\t\t\t<div class=\"elementor-element elementor-element-25f41b0 elementor-widget elementor-widget-heading\" data-id=\"25f41b0\" data-element_type=\"widget\" data-e-type=\"widget\" data-widget_type=\"heading.default\">\n\t\t\t\t<div class=\"elementor-widget-container\">\n\t\t\t\t\t<h2 class=\"elementor-heading-title elementor-size-default\">Implicaciones para la salud<\/h2>\t\t\t\t<\/div>\n\t\t\t\t<\/div>\n\t\t\t\t<div class=\"elementor-element elementor-element-293ae8c elementor-widget elementor-widget-text-editor\" data-id=\"293ae8c\" data-element_type=\"widget\" data-e-type=\"widget\" data-widget_type=\"text-editor.default\">\n\t\t\t\t<div class=\"elementor-widget-container\">\n\t\t\t\t\t\t\t\t\t<div data-id=\"6d1f52d\" data-element_type=\"widget\" data-widget_type=\"heading.default\"><div><p>Los resultados sugieren la posibilidad de mecanismos compartidos o interactuantes y comorbilidades entre enfermedades como el Alzheimer y trastornos autoinmunes, como la esclerosis m\u00faltiple. Estos hallazgos apuntan a posibles mecanismos compartidos y\/o interactuantes y comorbilidades en el locus MHC.<\/p><\/div><\/div><div data-id=\"460cd37\" data-element_type=\"widget\" data-widget_type=\"text-editor.default\"><div><p>Se pueden realizar pruebas gen\u00e9ticas, como la secuenciaci\u00f3n del ADN o la genotipificaci\u00f3n, para detectar variantes gen\u00e9ticas que las hagan m\u00e1s vulnerables a factores de riesgo gen\u00e9ticos. Estas pruebas pueden identificar variaciones gen\u00e9ticas espec\u00edficas que pueden aumentar el riesgo de desarrollar ciertas enfermedades, incluida la demencia. Adem\u00e1s, se puede plantear la hip\u00f3tesis de que la hiperactivaci\u00f3n del sistema inmunitario mediada por infecciones o inducida por vacunas podr\u00eda iniciar o acelerar procesos patol\u00f3gicos latentes que conducen a eventos adversos graves en individuos gen\u00e9ticamente vulnerables (Perricone et al., 2014).<\/p><p>Las decisiones sobre la dieta y el estilo de vida pueden contribuir a mitigar el riesgo gen\u00e9tico de padecer demencia y otras enfermedades. Por ejemplo, se sabe que una dieta rica en alimentos antiinflamatorios, como frutas y verduras, y baja en grasas saturadas y carbohidratos refinados, puede ayudar a reducir el riesgo de desarrollar Alzheimer. La actividad f\u00edsica regular y el entrenamiento cognitivo tambi\u00e9n pueden ayudar a mejorar la funci\u00f3n cognitiva y reducir el riesgo de desarrollar demencia.<\/p><\/div><\/div>\t\t\t\t\t\t\t\t<\/div>\n\t\t\t\t<\/div>\n\t\t\t\t<div class=\"elementor-element elementor-element-a94f842 elementor-widget elementor-widget-heading\" data-id=\"a94f842\" data-element_type=\"widget\" data-e-type=\"widget\" data-widget_type=\"heading.default\">\n\t\t\t\t<div class=\"elementor-widget-container\">\n\t\t\t\t\t<h2 class=\"elementor-heading-title elementor-size-default\">Conclusi\u00f3n<\/h2>\t\t\t\t<\/div>\n\t\t\t\t<\/div>\n\t\t\t\t<div class=\"elementor-element elementor-element-3ab5cbc elementor-widget elementor-widget-text-editor\" data-id=\"3ab5cbc\" data-element_type=\"widget\" data-e-type=\"widget\" data-widget_type=\"text-editor.default\">\n\t\t\t\t<div class=\"elementor-widget-container\">\n\t\t\t\t\t\t\t\t\t<div data-id=\"63c119a\" data-element_type=\"widget\" data-widget_type=\"heading.default\"><div><p>El estudio realizado por el Proyecto Internacional de Gen\u00f3mica del Alzheimer revel\u00f3 que el haplotipo DR15 de la red g\u00e9nica del sistema inmunitario en la regi\u00f3n HLA desempe\u00f1a un papel fundamental en el riesgo de padecer Alzheimer. Los hallazgos apuntan a posibles mecanismos compartidos o interactuantes, as\u00ed como comorbilidades en el locus MHC. Estos resultados tienen importantes implicaciones para las personas con riesgo de padecer Alzheimer. Los hallazgos enfatizan la necesidad de reconocer el papel de la red g\u00e9nica del sistema inmunitario y su activaci\u00f3n en el deterioro cognitivo, la demencia y, en \u00faltima instancia, la enfermedad de Alzheimer.<\/p><\/div><\/div>\t\t\t\t\t\t\t\t<\/div>\n\t\t\t\t<\/div>\n\t\t\t\t<div class=\"elementor-element elementor-element-e4d3272 elementor-widget elementor-widget-text-editor\" data-id=\"e4d3272\" data-element_type=\"widget\" data-e-type=\"widget\" data-widget_type=\"text-editor.default\">\n\t\t\t\t<div class=\"elementor-widget-container\">\n\t\t\t\t\t\t\t\t\t<table><tbody><tr><th>Variante gen\u00e9tica<\/th><th>Gene<\/th><th>Tama\u00f1o del efecto<\/th><th>Frecuencia<\/th><th>Significado<\/th><\/tr><tr><td>rs7920721_G<\/td><td>ECHDC3<\/td><td>0.08<\/td><td>39%<\/td><td>1,8 x 10<sup>-11<\/sup><\/td><\/tr><tr><td>rs138190086_A<\/td><td>AS<\/td><td>0.26<\/td><td>2%<\/td><td>5,3 x 10<sup>-9<\/sup><\/td><\/tr><tr><td>rs593742_G<\/td><td>ADAM10<\/td><td>-0.07<\/td><td>30%<\/td><td>6,8 x 10<sup>-9<\/sup><\/td><\/tr><tr><td>rs12881735_C<\/td><td><span dir=\"ltr\" role=\"presentation\">SLC24A4<\/span><\/td><td>-0.08<\/td><td>22%<\/td><td>7,4 x 10<sup>-9<\/sup><\/td><\/tr><tr><td>rs2830500_A<\/td><td>ADAMTS1<\/td><td>-0.07<\/td><td>31%<\/td><td>2,6 x 10<sup>-8<\/sup><\/td><\/tr><tr><td><span dir=\"ltr\" role=\"presentation\">rs<\/span><span dir=\"ltr\" role=\"presentation\">71618613<\/span><span dir=\"ltr\" role=\"presentation\">_DO<\/span><\/td><td><span dir=\"ltr\" role=\"presentation\">SUCLG2P4<\/span><\/td><td>-0.29<\/td><td>1.0%<\/td><td>3,3 x 10<sup>-7<\/sup><\/td><\/tr><tr><td><span dir=\"ltr\" role=\"presentation\">rs35868327<\/span><span dir=\"ltr\" role=\"presentation\">_A<\/span><\/td><td>FST<\/td><td>-0.32<\/td><td>2%<\/td><td>2,6 x 10<sup>-7<\/sup><\/td><\/tr><tr><td><span dir=\"ltr\" role=\"presentation\">rs114812713<\/span><span dir=\"ltr\" role=\"presentation\">_DO<\/span><\/td><td>TABL\u00d3N1<\/td><td>0.32<\/td><td>3%<\/td><td>2,1 x 10<sup>-7<\/sup><\/td><\/tr><tr><td><span dir=\"ltr\" role=\"presentation\">rs62039712<\/span><span dir=\"ltr\" role=\"presentation\">_A<\/span><\/td><td><span dir=\"ltr\" role=\"presentation\">WWOX<\/span><\/td><td>0.17<\/td><td>12%<\/td><td>3,7 x 10<sup>-7<\/sup><\/td><\/tr><tr><td><span dir=\"ltr\" role=\"presentation\">a<\/span><span dir=\"ltr\" role=\"presentation\">s4735340<\/span><span dir=\"ltr\" role=\"presentation\">_<\/span><span dir=\"ltr\" role=\"presentation\">A<\/span><\/td><td>NDUFAF6<\/td><td>-0.06<\/td><td>48%<\/td><td>9,2 x 10<sup>-8<\/sup><\/td><\/tr><tr><td><span dir=\"ltr\" role=\"presentation\">rs7295246<\/span><span dir=\"ltr\" role=\"presentation\">_<\/span><span dir=\"ltr\" role=\"presentation\">GRAMO<\/span><\/td><td>ADAMTS20<\/td><td>0.06<\/td><td>41%<\/td><td>3,9 x 10<sup>-7<\/sup><\/td><\/tr><tr><td><span dir=\"ltr\" role=\"presentation\">rs10467994<\/span><span dir=\"ltr\" role=\"presentation\">_<\/span><span dir=\"ltr\" role=\"presentation\">do<\/span><\/td><td>SPPL2A<\/td><td>-0.06<\/td><td>33%<\/td><td>4,3 x 10<sup>-7<\/sup><\/td><\/tr><tr><td><span dir=\"ltr\" role=\"presentation\">rs7185636_C<\/span><\/td><td><span dir=\"ltr\" role=\"presentation\">I<\/span><span dir=\"ltr\" role=\"presentation\">Q<\/span><span dir=\"ltr\" role=\"presentation\">C.C.<\/span><\/td><td>-0.08<\/td><td>18%<\/td><td>2,4 x 10<sup>-8<\/sup><\/td><\/tr><tr><td><span dir=\"ltr\" role=\"presentation\">rs2632516<\/span><span dir=\"ltr\" role=\"presentation\">_<\/span><span dir=\"ltr\" role=\"presentation\">do<\/span><\/td><td>MIR142\/TSPOAP1-AS1<sup>d<\/sup><\/td><td>-0.06<\/td><td>44%<\/td><td>5,3 x 10<sup>-8<\/sup><\/td><\/tr><\/tbody><\/table><p><strong>Tabla 1.<\/strong>\u00a0Variante gen\u00e9tica, tama\u00f1o del efecto, frecuencia y significaci\u00f3n de nuevas variantes asociadas con un mayor o menor riesgo de enfermedad de Alzheimer. (Adaptado de Kunkle et al. 2019).<\/p>\t\t\t\t\t\t\t\t<\/div>\n\t\t\t\t<\/div>\n\t\t\t\t\t<\/div>\n\t\t\t\t<\/div>\n\t\t\t\t<section class=\"elementor-section elementor-top-section elementor-element elementor-element-34dfa52 elementor-section-boxed elementor-section-height-default elementor-section-height-default\" data-id=\"34dfa52\" data-element_type=\"section\" data-e-type=\"section\">\n\t\t\t\t\t\t<div class=\"elementor-container elementor-column-gap-default\">\n\t\t\t\t\t<div class=\"elementor-column elementor-col-100 elementor-top-column elementor-element elementor-element-bb2f0e0\" data-id=\"bb2f0e0\" data-element_type=\"column\" data-e-type=\"column\">\n\t\t\t<div class=\"elementor-widget-wrap elementor-element-populated\">\n\t\t\t\t\t\t<section class=\"elementor-section elementor-inner-section elementor-element elementor-element-fa78b07 elementor-section-boxed elementor-section-height-default elementor-section-height-default\" data-id=\"fa78b07\" data-element_type=\"section\" data-e-type=\"section\" data-settings=\"{&quot;background_background&quot;:&quot;classic&quot;}\">\n\t\t\t\t\t\t<div class=\"elementor-container elementor-column-gap-default\">\n\t\t\t\t\t<div class=\"elementor-column elementor-col-100 elementor-inner-column elementor-element elementor-element-881bcdc\" data-id=\"881bcdc\" data-element_type=\"column\" data-e-type=\"column\">\n\t\t\t<div class=\"elementor-widget-wrap elementor-element-populated\">\n\t\t\t\t\t\t<div class=\"elementor-element elementor-element-203db4a elementor-icon-list--layout-traditional elementor-list-item-link-full_width elementor-widget elementor-widget-icon-list\" data-id=\"203db4a\" data-element_type=\"widget\" data-e-type=\"widget\" data-widget_type=\"icon-list.default\">\n\t\t\t\t<div class=\"elementor-widget-container\">\n\t\t\t\t\t\t\t<ul class=\"elementor-icon-list-items\">\n\t\t\t\t\t\t\t<li class=\"elementor-icon-list-item\">\n\t\t\t\t\t\t\t\t\t\t\t<span class=\"elementor-icon-list-icon\">\n\t\t\t\t\t\t\t<i aria-hidden=\"true\" class=\"fas fa-book\"><\/i>\t\t\t\t\t\t<\/span>\n\t\t\t\t\t\t\t\t\t\t<span class=\"elementor-icon-list-text\">Referencias<\/span>\n\t\t\t\t\t\t\t\t\t<\/li>\n\t\t\t\t\t\t<\/ul>\n\t\t\t\t\t\t<\/div>\n\t\t\t\t<\/div>\n\t\t\t\t<div class=\"elementor-element elementor-element-325f5c6 elementor-widget elementor-widget-text-editor\" data-id=\"325f5c6\" data-element_type=\"widget\" data-e-type=\"widget\" data-widget_type=\"text-editor.default\">\n\t\t\t\t<div class=\"elementor-widget-container\">\n\t\t\t\t\t\t\t\t\t<p>Kunkle, BW, Grenier-Boley, B., Sims, R. et al. (2019). El metaan\u00e1lisis gen\u00e9tico de la enfermedad de Alzheimer diagnosticada identifica nuevos locus de riesgo e implica a A\u03b2, tau, inmunidad y procesamiento de l\u00edpidos. Nat Genet\u00a0<strong>51<\/strong>, 414\u2013430. Perricone C, Ceccarelli F, Nesher G, Borella E, Odeh Q, Conti F, et al. P\u00farpura trombocitop\u00e9nica inmunitaria (PTI) asociada a las vacunas: una revisi\u00f3n de casos notificados. Immunol Res. 2014;60(2-3):226-35.<\/p>\t\t\t\t\t\t\t\t<\/div>\n\t\t\t\t<\/div>\n\t\t\t\t\t<\/div>\n\t\t<\/div>\n\t\t\t\t\t<\/div>\n\t\t<\/section>\n\t\t\t\t\t<\/div>\n\t\t<\/div>\n\t\t\t\t\t<\/div>\n\t\t<\/section>\n\t\t\t\t<\/div>","protected":false},"excerpt":{"rendered":"<p>Doctor Donald Cooper 1.,2.<\/p>\n<p>-Director de la Divisi\u00f3n de Ciencias M\u00e9dicas, Ramos Law, Northglenn, CO 80260; 2. Director Cient\u00edfico, Neuroganics, Northglenn, CO 80260<br \/>\nCorreo electr\u00f3nico: DrDon@neuroganicslabs.com<\/p>","protected":false},"author":12,"featured_media":0,"comment_status":"closed","ping_status":"open","sticky":false,"template":"","format":"standard","meta":{"footnotes":""},"categories":[291],"tags":[],"class_list":["post-8885","post","type-post","status-publish","format-standard","hentry","category-medical-and-data-science"],"_links":{"self":[{"href":"https:\/\/www.ramoslaw.com\/es\/wp-json\/wp\/v2\/posts\/8885","targetHints":{"allow":["GET"]}}],"collection":[{"href":"https:\/\/www.ramoslaw.com\/es\/wp-json\/wp\/v2\/posts"}],"about":[{"href":"https:\/\/www.ramoslaw.com\/es\/wp-json\/wp\/v2\/types\/post"}],"author":[{"embeddable":true,"href":"https:\/\/www.ramoslaw.com\/es\/wp-json\/wp\/v2\/users\/12"}],"replies":[{"embeddable":true,"href":"https:\/\/www.ramoslaw.com\/es\/wp-json\/wp\/v2\/comments?post=8885"}],"version-history":[{"count":0,"href":"https:\/\/www.ramoslaw.com\/es\/wp-json\/wp\/v2\/posts\/8885\/revisions"}],"wp:attachment":[{"href":"https:\/\/www.ramoslaw.com\/es\/wp-json\/wp\/v2\/media?parent=8885"}],"wp:term":[{"taxonomy":"category","embeddable":true,"href":"https:\/\/www.ramoslaw.com\/es\/wp-json\/wp\/v2\/categories?post=8885"},{"taxonomy":"post_tag","embeddable":true,"href":"https:\/\/www.ramoslaw.com\/es\/wp-json\/wp\/v2\/tags?post=8885"}],"curies":[{"name":"Gracias","href":"https:\/\/api.w.org\/{rel}","templated":true}]}}